{"id":2880,"date":"2017-04-14T17:00:59","date_gmt":"2017-04-14T15:00:59","guid":{"rendered":"http:\/\/surfandfriends.de\/?p=2880"},"modified":"2017-04-10T08:36:15","modified_gmt":"2017-04-10T06:36:15","slug":"warnleuchte-ein-esp-und-bas-vw-crafter","status":"publish","type":"post","link":"http:\/\/surfandfriends.de\/?p=2880","title":{"rendered":"Warnleuchte ein: ESP und BAS, VW Crafter, Bj. 2010"},"content":{"rendered":"<p>Pl\u00f6tzlich leuchteten zwei Kontrollleuchten auf &#8211; w\u00e4hrend der Fahrt.<\/p>\n<p>Fahrzeugdaten: VW Crafter, CECB, 120 kW, Bj. 2010,<\/p>\n<p>Wie lange leuchten die schon auf? Ist das schlimm? Erst einmal das Betriebshandbuch heraus holen und Nachschauen. Weiterfahren geht &#8211; allerdings ohne ESP, BAS, ASR.<\/p>\n<p>Kontrolleuchte ESP (Elektronisches Stabilit\u00e4tsprogramm) und BAS (Bremsassistent, aber es ist auch das Symbol f\u00fcr ASR Antischlupfregelung):<\/p>\n<p><a href=\"https:\/\/i0.wp.com\/surfandfriends.de\/wp-content\/uploads\/2017\/03\/20170312_175817.jpg\"><img data-attachment-id=\"2836\" data-permalink=\"http:\/\/surfandfriends.de\/?attachment_id=2836\" data-orig-file=\"https:\/\/i0.wp.com\/surfandfriends.de\/wp-content\/uploads\/2017\/03\/20170312_175817.jpg?fit=3264%2C1836\" data-orig-size=\"3264,1836\" data-comments-opened=\"1\" data-image-meta=\"{&quot;aperture&quot;:&quot;2.2&quot;,&quot;credit&quot;:&quot;&quot;,&quot;camera&quot;:&quot;SM-G900F&quot;,&quot;caption&quot;:&quot;&quot;,&quot;created_timestamp&quot;:&quot;1489341497&quot;,&quot;copyright&quot;:&quot;&quot;,&quot;focal_length&quot;:&quot;4.8&quot;,&quot;iso&quot;:&quot;80&quot;,&quot;shutter_speed&quot;:&quot;0.033333333333333&quot;,&quot;title&quot;:&quot;&quot;,&quot;orientation&quot;:&quot;1&quot;}\" data-image-title=\"20170312_175817\" data-image-description=\"\" data-image-caption=\"\" data-medium-file=\"https:\/\/i0.wp.com\/surfandfriends.de\/wp-content\/uploads\/2017\/03\/20170312_175817.jpg?fit=1600%2C900\" data-large-file=\"https:\/\/i0.wp.com\/surfandfriends.de\/wp-content\/uploads\/2017\/03\/20170312_175817.jpg?fit=1000%2C563\" decoding=\"async\" loading=\"lazy\" class=\"alignnone size-thumbnail wp-image-2836\" src=\"https:\/\/i0.wp.com\/surfandfriends.de\/wp-content\/uploads\/2017\/03\/20170312_175817.jpg?resize=420%2C236\" alt=\"\" width=\"420\" height=\"236\" srcset=\"https:\/\/i0.wp.com\/surfandfriends.de\/wp-content\/uploads\/2017\/03\/20170312_175817.jpg?resize=420%2C236 420w, https:\/\/i0.wp.com\/surfandfriends.de\/wp-content\/uploads\/2017\/03\/20170312_175817.jpg?resize=1600%2C900 1600w, https:\/\/i0.wp.com\/surfandfriends.de\/wp-content\/uploads\/2017\/03\/20170312_175817.jpg?resize=1920%2C1080 1920w, https:\/\/i0.wp.com\/surfandfriends.de\/wp-content\/uploads\/2017\/03\/20170312_175817.jpg?w=2000 2000w, https:\/\/i0.wp.com\/surfandfriends.de\/wp-content\/uploads\/2017\/03\/20170312_175817.jpg?w=3000 3000w\" sizes=\"(max-width: 420px) 100vw, 420px\" data-recalc-dims=\"1\" \/><\/a><\/p>\n<p>Nachdem man die Z\u00fcndung an und wieder ausgeschaltet hat &#8211; war der Fehler wieder weg. Nach kurzer Fahrt kam er wieder oder halt auch nicht &#8211; dann blieb er weg.<\/p>\n<p>Nach ca. 2 Wochen kam der Fehler immer h\u00e4ufiger.<\/p>\n<p>Jetzt habe ich mit VCDS den Fehlerspeicher\u00a0ausgelesen &#8211; was das f\u00fcr ein Fehler ist.<\/p>\n<p><a href=\"https:\/\/i0.wp.com\/surfandfriends.de\/wp-content\/uploads\/2017\/03\/20170306_171722.jpg\"><img data-attachment-id=\"2842\" data-permalink=\"http:\/\/surfandfriends.de\/?attachment_id=2842\" data-orig-file=\"https:\/\/i0.wp.com\/surfandfriends.de\/wp-content\/uploads\/2017\/03\/20170306_171722.jpg?fit=3264%2C1836\" data-orig-size=\"3264,1836\" data-comments-opened=\"1\" data-image-meta=\"{&quot;aperture&quot;:&quot;2.2&quot;,&quot;credit&quot;:&quot;&quot;,&quot;camera&quot;:&quot;SM-G900F&quot;,&quot;caption&quot;:&quot;&quot;,&quot;created_timestamp&quot;:&quot;1488820642&quot;,&quot;copyright&quot;:&quot;&quot;,&quot;focal_length&quot;:&quot;4.8&quot;,&quot;iso&quot;:&quot;160&quot;,&quot;shutter_speed&quot;:&quot;0.03030303030303&quot;,&quot;title&quot;:&quot;&quot;,&quot;orientation&quot;:&quot;1&quot;}\" data-image-title=\"20170306_171722\" data-image-description=\"\" data-image-caption=\"\" data-medium-file=\"https:\/\/i0.wp.com\/surfandfriends.de\/wp-content\/uploads\/2017\/03\/20170306_171722.jpg?fit=1600%2C900\" data-large-file=\"https:\/\/i0.wp.com\/surfandfriends.de\/wp-content\/uploads\/2017\/03\/20170306_171722.jpg?fit=1000%2C563\" decoding=\"async\" loading=\"lazy\" class=\"alignnone size-thumbnail wp-image-2842\" src=\"https:\/\/i0.wp.com\/surfandfriends.de\/wp-content\/uploads\/2017\/03\/20170306_171722.jpg?resize=420%2C236\" alt=\"\" width=\"420\" height=\"236\" srcset=\"https:\/\/i0.wp.com\/surfandfriends.de\/wp-content\/uploads\/2017\/03\/20170306_171722.jpg?resize=420%2C236 420w, https:\/\/i0.wp.com\/surfandfriends.de\/wp-content\/uploads\/2017\/03\/20170306_171722.jpg?resize=1600%2C900 1600w, https:\/\/i0.wp.com\/surfandfriends.de\/wp-content\/uploads\/2017\/03\/20170306_171722.jpg?resize=1920%2C1080 1920w, https:\/\/i0.wp.com\/surfandfriends.de\/wp-content\/uploads\/2017\/03\/20170306_171722.jpg?w=2000 2000w, https:\/\/i0.wp.com\/surfandfriends.de\/wp-content\/uploads\/2017\/03\/20170306_171722.jpg?w=3000 3000w\" sizes=\"(max-width: 420px) 100vw, 420px\" data-recalc-dims=\"1\" \/><\/a><\/p>\n<p>Erst einmal gel\u00f6scht. Dann ging es wieder kam aber immer wieder.<\/p>\n<p>Nun beginnt die suche in Foren. Von Bremslampe defekt bis hin zu Bremskraftverst\u00e4rker defekt und\u00a0Bremslichtschalter \u00fcber Massekabel hat kein Kontakt zur Karosse und Kabelbruch.<\/p>\n<p>Also alles oder nichts.<\/p>\n<p>Das Programm sagt ja eindeutig Leitung zum Bremspedalschalter. Uff, das w\u00e4re ja\u00a0etwas wenn es die Leitungen w\u00e4ren. Alles wieder raus bauen. Fehlersuche &#8211; neues Kabel ziehen &#8211; usw.<\/p>\n<p>Erst einmal den Bremslichtschalter wechseln. Bestellen bei Auspuff.com die haben alles leider sind die Versandkosten sehr hoch. Trotzdem g\u00fcnstiger als bei der Werkstatt &#8211; au\u00dferdem m\u00f6chte ich es ja selber machen.<\/p>\n<p>Da ist er der neue.<\/p>\n<p><a href=\"https:\/\/i0.wp.com\/surfandfriends.de\/wp-content\/uploads\/2017\/03\/20170315_170328.jpg\"><img data-attachment-id=\"2857\" data-permalink=\"http:\/\/surfandfriends.de\/?attachment_id=2857\" data-orig-file=\"https:\/\/i0.wp.com\/surfandfriends.de\/wp-content\/uploads\/2017\/03\/20170315_170328.jpg?fit=1920%2C1080\" data-orig-size=\"1920,1080\" data-comments-opened=\"1\" data-image-meta=\"{&quot;aperture&quot;:&quot;2.2&quot;,&quot;credit&quot;:&quot;&quot;,&quot;camera&quot;:&quot;SM-G900F&quot;,&quot;caption&quot;:&quot;&quot;,&quot;created_timestamp&quot;:&quot;1489597408&quot;,&quot;copyright&quot;:&quot;&quot;,&quot;focal_length&quot;:&quot;4.8&quot;,&quot;iso&quot;:&quot;40&quot;,&quot;shutter_speed&quot;:&quot;0.0095238095238095&quot;,&quot;title&quot;:&quot;&quot;,&quot;orientation&quot;:&quot;3&quot;}\" data-image-title=\"20170315_170328\" data-image-description=\"\" data-image-caption=\"\" data-medium-file=\"https:\/\/i0.wp.com\/surfandfriends.de\/wp-content\/uploads\/2017\/03\/20170315_170328.jpg?fit=1600%2C900\" data-large-file=\"https:\/\/i0.wp.com\/surfandfriends.de\/wp-content\/uploads\/2017\/03\/20170315_170328.jpg?fit=1000%2C563\" decoding=\"async\" loading=\"lazy\" class=\"alignnone size-thumbnail wp-image-2857\" src=\"https:\/\/i0.wp.com\/surfandfriends.de\/wp-content\/uploads\/2017\/03\/20170315_170328.jpg?resize=420%2C236\" alt=\"\" width=\"420\" height=\"236\" srcset=\"https:\/\/i0.wp.com\/surfandfriends.de\/wp-content\/uploads\/2017\/03\/20170315_170328.jpg?resize=420%2C236 420w, https:\/\/i0.wp.com\/surfandfriends.de\/wp-content\/uploads\/2017\/03\/20170315_170328.jpg?resize=1600%2C900 1600w, https:\/\/i0.wp.com\/surfandfriends.de\/wp-content\/uploads\/2017\/03\/20170315_170328.jpg?w=1920 1920w\" sizes=\"(max-width: 420px) 100vw, 420px\" data-recalc-dims=\"1\" \/><\/a><\/p>\n<p>Den alten ausbauen. Er sitzt\u00a0hinter dem Bremspedal. Ein Schlangenmensch hat kein Problem dort hin zu kommen: Ich habe\u00a0es auch geschafft, mit dem\u00a0R\u00fccken auf den Boden des Fahrgastraumes legen\u00a0und dann die Verriegelung l\u00f6sen:<\/p>\n<ul>\n<li>Mit dem Schraubenzieher den oberen Nippel eindr\u00fccken dort ist eine Aussparung im\u00a0Metall dort sitzt die Verriegelung<\/li>\n<li>Dann den ganzen Schalter drehen, gegen den Uhrzeigersinn, es ist ein Bajonett Verschluss<\/li>\n<li>In Richtung Motor heraus ziehen<\/li>\n<li>Ausbauzeit ca. 2 min beim ersten mal<\/li>\n<\/ul>\n<p>Zu sehen ist der alte Bremslichtschalter im eingebauten Zustand.<\/p>\n<p><a href=\"https:\/\/i0.wp.com\/surfandfriends.de\/wp-content\/uploads\/2017\/03\/20170315_170322-e1489736712705.jpg\"><img data-attachment-id=\"2858\" data-permalink=\"http:\/\/surfandfriends.de\/?attachment_id=2858\" data-orig-file=\"https:\/\/i0.wp.com\/surfandfriends.de\/wp-content\/uploads\/2017\/03\/20170315_170322-e1489736712705.jpg?fit=608%2C1080\" data-orig-size=\"608,1080\" data-comments-opened=\"1\" data-image-meta=\"{&quot;aperture&quot;:&quot;2.2&quot;,&quot;credit&quot;:&quot;&quot;,&quot;camera&quot;:&quot;SM-G900F&quot;,&quot;caption&quot;:&quot;&quot;,&quot;created_timestamp&quot;:&quot;1489597402&quot;,&quot;copyright&quot;:&quot;&quot;,&quot;focal_length&quot;:&quot;4.8&quot;,&quot;iso&quot;:&quot;40&quot;,&quot;shutter_speed&quot;:&quot;0.033333333333333&quot;,&quot;title&quot;:&quot;&quot;,&quot;orientation&quot;:&quot;6&quot;}\" data-image-title=\"20170315_170322\" data-image-description=\"\" data-image-caption=\"\" data-medium-file=\"https:\/\/i0.wp.com\/surfandfriends.de\/wp-content\/uploads\/2017\/03\/20170315_170322-e1489736712705.jpg?fit=608%2C1080\" data-large-file=\"https:\/\/i0.wp.com\/surfandfriends.de\/wp-content\/uploads\/2017\/03\/20170315_170322-e1489736712705.jpg?fit=608%2C1080\" decoding=\"async\" loading=\"lazy\" class=\"alignnone size-thumbnail wp-image-2858\" src=\"https:\/\/i0.wp.com\/surfandfriends.de\/wp-content\/uploads\/2017\/03\/20170315_170322-e1489736712705-133x236.jpg?resize=133%2C236\" alt=\"\" width=\"133\" height=\"236\" srcset=\"https:\/\/i0.wp.com\/surfandfriends.de\/wp-content\/uploads\/2017\/03\/20170315_170322-e1489736712705.jpg?resize=133%2C236 133w, https:\/\/i0.wp.com\/surfandfriends.de\/wp-content\/uploads\/2017\/03\/20170315_170322-e1489736712705.jpg?w=608 608w\" sizes=\"(max-width: 133px) 100vw, 133px\" data-recalc-dims=\"1\" \/><\/a><\/p>\n<p>Zum Gl\u00fcck war es das! Alle Fehler sind weg.<\/p>\n<p>Ende.<\/p>\n<p>&nbsp;<\/p>\n<div class=\"sharedaddy sd-sharing-enabled\"><div class=\"robots-nocontent sd-block sd-social sd-social-icon-text sd-sharing\"><h3 class=\"sd-title\">Teilen mit:<\/h3><div class=\"sd-content\"><ul><li class=\"share-facebook\"><a rel=\"nofollow noopener noreferrer\" data-shared=\"sharing-facebook-2880\" class=\"share-facebook sd-button share-icon\" href=\"http:\/\/surfandfriends.de\/?p=2880&amp;share=facebook\" target=\"_blank\" title=\"Klick, um auf Facebook zu teilen\" ><span>Facebook<\/span><\/a><\/li><li class=\"share-linkedin\"><a rel=\"nofollow noopener noreferrer\" data-shared=\"sharing-linkedin-2880\" class=\"share-linkedin sd-button share-icon\" href=\"http:\/\/surfandfriends.de\/?p=2880&amp;share=linkedin\" target=\"_blank\" title=\"Klick, um auf LinkedIn zu teilen\" ><span>LinkedIn<\/span><\/a><\/li><li class=\"share-twitter\"><a rel=\"nofollow noopener noreferrer\" data-shared=\"sharing-twitter-2880\" class=\"share-twitter sd-button share-icon\" href=\"http:\/\/surfandfriends.de\/?p=2880&amp;share=twitter\" target=\"_blank\" title=\"Klick, um \u00fcber Twitter zu teilen\" ><span>Twitter<\/span><\/a><\/li><li class=\"share-tumblr\"><a rel=\"nofollow noopener noreferrer\" data-shared=\"\" class=\"share-tumblr sd-button share-icon\" href=\"http:\/\/surfandfriends.de\/?p=2880&amp;share=tumblr\" target=\"_blank\" title=\"Klick, um auf Tumblr zu teilen\" ><span>Tumblr<\/span><\/a><\/li><li class=\"share-email\"><a rel=\"nofollow noopener noreferrer\" data-shared=\"\" class=\"share-email sd-button share-icon\" href=\"mailto:?subject=%5BGeteilter%20Beitrag%5D%20Warnleuchte%20ein%3A%20ESP%20und%20BAS%2C%20VW%20Crafter%2C%20Bj.%202010&body=http%3A%2F%2Fsurfandfriends.de%2F%3Fp%3D2880&share=email\" target=\"_blank\" title=\"Klicken, um einem Freund einen Link per E-Mail zu senden\" data-email-share-error-title=\"Hast du E-Mail eingerichtet?\" data-email-share-error-text=\"Wenn du Probleme mit dem Teilen per E-Mail hast, ist E-Mail m\u00f6glicherweise nicht f\u00fcr deinen Browser eingerichtet. Du musst die neue E-Mail-Einrichtung m\u00f6glicherweise selbst vornehmen.\" data-email-share-nonce=\"535676e5bd\" data-email-share-track-url=\"http:\/\/surfandfriends.de\/?p=2880&amp;share=email\"><span>E-Mail<\/span><\/a><\/li><li class=\"share-print\"><a rel=\"nofollow noopener noreferrer\" data-shared=\"\" class=\"share-print sd-button share-icon\" href=\"http:\/\/surfandfriends.de\/?p=2880\" target=\"_blank\" title=\"Klicken zum Ausdrucken\" ><span>Drucken<\/span><\/a><\/li><li class=\"share-jetpack-whatsapp\"><a rel=\"nofollow noopener noreferrer\" data-shared=\"\" class=\"share-jetpack-whatsapp sd-button share-icon\" href=\"http:\/\/surfandfriends.de\/?p=2880&amp;share=jetpack-whatsapp\" target=\"_blank\" title=\"Klicken, um auf WhatsApp zu teilen\" ><span>WhatsApp<\/span><\/a><\/li><li><a href=\"#\" class=\"sharing-anchor sd-button share-more\"><span>Mehr<\/span><\/a><\/li><li class=\"share-end\"><\/li><\/ul><div class=\"sharing-hidden\"><div class=\"inner\" style=\"display: none;\"><ul><li class=\"share-reddit\"><a rel=\"nofollow noopener noreferrer\" data-shared=\"\" class=\"share-reddit sd-button share-icon\" href=\"http:\/\/surfandfriends.de\/?p=2880&amp;share=reddit\" target=\"_blank\" title=\"Klick, um auf Reddit zu teilen\" ><span>Reddit<\/span><\/a><\/li><li class=\"share-pinterest\"><a rel=\"nofollow noopener noreferrer\" data-shared=\"sharing-pinterest-2880\" class=\"share-pinterest sd-button share-icon\" href=\"http:\/\/surfandfriends.de\/?p=2880&amp;share=pinterest\" target=\"_blank\" title=\"Klick, um auf Pinterest zu teilen\" ><span>Pinterest<\/span><\/a><\/li><li class=\"share-end\"><\/li><li class=\"share-pocket\"><a rel=\"nofollow noopener noreferrer\" data-shared=\"\" class=\"share-pocket sd-button share-icon\" href=\"http:\/\/surfandfriends.de\/?p=2880&amp;share=pocket\" target=\"_blank\" title=\"Klick, um auf Pocket zu teilen\" ><span>Pocket<\/span><\/a><\/li><li class=\"share-telegram\"><a rel=\"nofollow noopener noreferrer\" data-shared=\"\" class=\"share-telegram sd-button share-icon\" href=\"http:\/\/surfandfriends.de\/?p=2880&amp;share=telegram\" target=\"_blank\" title=\"Klicken, um auf Telegram zu teilen\" ><span>Telegram<\/span><\/a><\/li><li class=\"share-end\"><\/li><li class=\"share-skype\"><a rel=\"nofollow noopener noreferrer\" data-shared=\"sharing-skype-2880\" class=\"share-skype sd-button share-icon\" href=\"http:\/\/surfandfriends.de\/?p=2880&amp;share=skype\" target=\"_blank\" title=\"Klicken, um in Skype zu teilen\" ><span>Skype<\/span><\/a><\/li><li class=\"share-end\"><\/li><\/ul><\/div><\/div><\/div><\/div><\/div>","protected":false},"excerpt":{"rendered":"<p>Pl\u00f6tzlich leuchteten zwei Kontrollleuchten auf &#8211; w\u00e4hrend der Fahrt. Fahrzeugdaten: VW Crafter, CECB, 120 kW, Bj. 2010, Wie lange leuchten die schon auf? Ist das schlimm? Erst einmal das Betriebshandbuch heraus holen und Nachschauen. Weiterfahren geht &#8211; allerdings ohne ESP, BAS, ASR. Kontrolleuchte ESP (Elektronisches Stabilit\u00e4tsprogramm) und BAS (Bremsassistent, aber es ist auch das Symbol [&hellip;]<\/p>\n<div class=\"sharedaddy sd-sharing-enabled\"><div class=\"robots-nocontent sd-block sd-social sd-social-icon-text sd-sharing\"><h3 class=\"sd-title\">Teilen mit:<\/h3><div class=\"sd-content\"><ul><li class=\"share-facebook\"><a rel=\"nofollow noopener noreferrer\" data-shared=\"sharing-facebook-2880\" class=\"share-facebook sd-button share-icon\" href=\"http:\/\/surfandfriends.de\/?p=2880&amp;share=facebook\" target=\"_blank\" title=\"Klick, um auf Facebook zu teilen\" ><span>Facebook<\/span><\/a><\/li><li class=\"share-linkedin\"><a rel=\"nofollow noopener noreferrer\" data-shared=\"sharing-linkedin-2880\" class=\"share-linkedin sd-button share-icon\" href=\"http:\/\/surfandfriends.de\/?p=2880&amp;share=linkedin\" target=\"_blank\" title=\"Klick, um auf LinkedIn zu teilen\" ><span>LinkedIn<\/span><\/a><\/li><li class=\"share-twitter\"><a rel=\"nofollow noopener noreferrer\" data-shared=\"sharing-twitter-2880\" class=\"share-twitter sd-button share-icon\" href=\"http:\/\/surfandfriends.de\/?p=2880&amp;share=twitter\" target=\"_blank\" title=\"Klick, um \u00fcber Twitter zu teilen\" ><span>Twitter<\/span><\/a><\/li><li class=\"share-tumblr\"><a rel=\"nofollow noopener noreferrer\" data-shared=\"\" class=\"share-tumblr sd-button share-icon\" href=\"http:\/\/surfandfriends.de\/?p=2880&amp;share=tumblr\" target=\"_blank\" title=\"Klick, um auf Tumblr zu teilen\" ><span>Tumblr<\/span><\/a><\/li><li class=\"share-email\"><a rel=\"nofollow noopener noreferrer\" data-shared=\"\" class=\"share-email sd-button share-icon\" href=\"mailto:?subject=%5BGeteilter%20Beitrag%5D%20Warnleuchte%20ein%3A%20ESP%20und%20BAS%2C%20VW%20Crafter%2C%20Bj.%202010&body=http%3A%2F%2Fsurfandfriends.de%2F%3Fp%3D2880&share=email\" target=\"_blank\" title=\"Klicken, um einem Freund einen Link per E-Mail zu senden\" data-email-share-error-title=\"Hast du E-Mail eingerichtet?\" data-email-share-error-text=\"Wenn du Probleme mit dem Teilen per E-Mail hast, ist E-Mail m\u00f6glicherweise nicht f\u00fcr deinen Browser eingerichtet. Du musst die neue E-Mail-Einrichtung m\u00f6glicherweise selbst vornehmen.\" data-email-share-nonce=\"535676e5bd\" data-email-share-track-url=\"http:\/\/surfandfriends.de\/?p=2880&amp;share=email\"><span>E-Mail<\/span><\/a><\/li><li class=\"share-print\"><a rel=\"nofollow noopener noreferrer\" data-shared=\"\" class=\"share-print sd-button share-icon\" href=\"http:\/\/surfandfriends.de\/?p=2880\" target=\"_blank\" title=\"Klicken zum Ausdrucken\" ><span>Drucken<\/span><\/a><\/li><li class=\"share-jetpack-whatsapp\"><a rel=\"nofollow noopener noreferrer\" data-shared=\"\" class=\"share-jetpack-whatsapp sd-button share-icon\" href=\"http:\/\/surfandfriends.de\/?p=2880&amp;share=jetpack-whatsapp\" target=\"_blank\" title=\"Klicken, um auf WhatsApp zu teilen\" ><span>WhatsApp<\/span><\/a><\/li><li><a href=\"#\" class=\"sharing-anchor sd-button share-more\"><span>Mehr<\/span><\/a><\/li><li class=\"share-end\"><\/li><\/ul><div class=\"sharing-hidden\"><div class=\"inner\" style=\"display: none;\"><ul><li class=\"share-reddit\"><a rel=\"nofollow noopener noreferrer\" data-shared=\"\" class=\"share-reddit sd-button share-icon\" href=\"http:\/\/surfandfriends.de\/?p=2880&amp;share=reddit\" target=\"_blank\" title=\"Klick, um auf Reddit zu teilen\" ><span>Reddit<\/span><\/a><\/li><li class=\"share-pinterest\"><a rel=\"nofollow noopener noreferrer\" data-shared=\"sharing-pinterest-2880\" class=\"share-pinterest sd-button share-icon\" href=\"http:\/\/surfandfriends.de\/?p=2880&amp;share=pinterest\" target=\"_blank\" title=\"Klick, um auf Pinterest zu teilen\" ><span>Pinterest<\/span><\/a><\/li><li class=\"share-end\"><\/li><li class=\"share-pocket\"><a rel=\"nofollow noopener noreferrer\" data-shared=\"\" class=\"share-pocket sd-button share-icon\" href=\"http:\/\/surfandfriends.de\/?p=2880&amp;share=pocket\" target=\"_blank\" title=\"Klick, um auf Pocket zu teilen\" ><span>Pocket<\/span><\/a><\/li><li class=\"share-telegram\"><a rel=\"nofollow noopener noreferrer\" data-shared=\"\" class=\"share-telegram sd-button share-icon\" href=\"http:\/\/surfandfriends.de\/?p=2880&amp;share=telegram\" target=\"_blank\" title=\"Klicken, um auf Telegram zu teilen\" ><span>Telegram<\/span><\/a><\/li><li class=\"share-end\"><\/li><li class=\"share-skype\"><a rel=\"nofollow noopener noreferrer\" data-shared=\"sharing-skype-2880\" class=\"share-skype sd-button share-icon\" href=\"http:\/\/surfandfriends.de\/?p=2880&amp;share=skype\" target=\"_blank\" title=\"Klicken, um in Skype zu teilen\" ><span>Skype<\/span><\/a><\/li><li class=\"share-end\"><\/li><\/ul><\/div><\/div><\/div><\/div><\/div>","protected":false},"author":1,"featured_media":0,"comment_status":"open","ping_status":"open","sticky":false,"template":"","format":"standard","meta":{"jetpack_post_was_ever_published":false,"jetpack_publicize_message":"","jetpack_is_tweetstorm":false,"jetpack_publicize_feature_enabled":true},"categories":[3],"tags":[683,682,685,679,680,681,684],"jetpack_publicize_connections":[],"jetpack_featured_media_url":"","jetpack_sharing_enabled":true,"jetpack_shortlink":"https:\/\/wp.me\/p7fuyH-Ks","jetpack-related-posts":[{"id":2937,"url":"http:\/\/surfandfriends.de\/?p=2937","url_meta":{"origin":2880,"position":0},"title":"VW Crafter Sicherungen und Belegungsplan","date":"28. April 2017","format":false,"excerpt":"VW Crafter Bj. 2010, CECB, 120 kW: Bei Mercedes-Benz kann man die Belegung der Sicherungen online downloaden. Bei VW hei\u00dft es, nach dem ich angerufen hatte\u00a0- nein aufgrund von Sicherheitsbedenken geht das nicht. Okay dann dachte ich mir, hier ist die Fotographie von meiner Sicherungsbelegung. Ich brauchte den Sicherungsplan um\u2026","rel":"","context":"In &quot;Bulli Wartung&quot;","img":{"alt_text":"","src":"https:\/\/i0.wp.com\/surfandfriends.de\/wp-content\/uploads\/2017\/04\/01aIMG_20170406_074329-341x236.jpg?resize=350%2C200","width":350,"height":200},"classes":[]},{"id":2497,"url":"http:\/\/surfandfriends.de\/?p=2497","url_meta":{"origin":2880,"position":1},"title":"H\u00f6chstleistung im VW Crafter; Bj. 2010; CECB; 120 kW;","date":"2. September 2016","format":"aside","excerpt":"Auf der Autobahn kann man den VW Crafter ausfahren. Trotz seiner 120 kW schiebt er eine enorme Masse an. Dazu kommt der schlechte Luftwiderstand am Crafter. Jeder Kleiderschrank ist windschnittiger - aber daf\u00fcr hat man halt viel Platz im Inneren. Zus\u00e4tzlich k\u00f6nnten meine PV - Anlage auf dem Dach bremsen.\u2026","rel":"","context":"In &quot;Lifestyle&quot;","img":{"alt_text":"20160806_181137[1]","src":"https:\/\/i0.wp.com\/surfandfriends.de\/wp-content\/uploads\/2016\/08\/20160806_1811371-420x236.jpg?resize=350%2C200","width":350,"height":200},"classes":[]},{"id":454,"url":"http:\/\/surfandfriends.de\/?p=454","url_meta":{"origin":2880,"position":2},"title":"Ma\u00dfe im VW Crafter, Bj. 2010, 120 kW, L2 H2,","date":"28. Oktober 2015","format":false,"excerpt":"Um den Platz im VW Crafter \u00a0Bj. 2010, 120 kW, L2 H2,\u00a0Optimal auszunutzen habe ich grob die Ma\u00dfe der Seitenwand auf der Fahrerseite genommen. Das ist die Fahrerseite - die Beifahrerseite ist Identisch - nur gespiegelt und mit Schiebet\u00fcr. \u00a0 H\u00f6he und Breite habe ich auch aufgenommen. \u00a0 Damit kann\u2026","rel":"","context":"In &quot;Bulli Planung&quot;","img":{"alt_text":"","src":"https:\/\/i0.wp.com\/surfandfriends.de\/wp-content\/uploads\/2015\/10\/vw_crafter_innen_ma\u00c3\u009fe-300x212.jpg?resize=350%2C200","width":350,"height":200},"classes":[]},{"id":2051,"url":"http:\/\/surfandfriends.de\/?p=2051","url_meta":{"origin":2880,"position":3},"title":"Verbrauch VW Crafter","date":"1. August 2016","format":false,"excerpt":"Der\u00a0 Verbrauch im Crafter Bj. 2010, 120 kw, CECB mit Adblue bei einer sehr langen Autobahnfahrt bei Tempo < 110 km\/h. Das sind mit 63 l x 100 \/ 555,7 km = 11,3 l\/100 km Wenn man langsamer f\u00e4hrt bei ca. < 100 km\/h dann verringert sich der verbrauch auf\u2026","rel":"","context":"In &quot;Bulli Planung&quot;","img":{"alt_text":"20160518_171007-e1468921382325","src":"https:\/\/i0.wp.com\/surfandfriends.de\/wp-content\/uploads\/2016\/07\/20160518_171007-e1468921382325-420x236.jpg?resize=350%2C200","width":350,"height":200},"classes":[]},{"id":163,"url":"http:\/\/surfandfriends.de\/?p=163","url_meta":{"origin":2880,"position":4},"title":"Rost oder &#8222;Autokrebs&#8220; am VW Crafter Bj. 2010 im Laderaum","date":"15. Juli 2015","format":false,"excerpt":"Alarm Alarm! Ich habe in meinem VW Crafter, Bj. 2010, Rost gefunden! Zu diesem Zeitpunkt 5 f\u00fcnf Jahre alt! Kann doch nicht sein oder dachte ich? Und zwar nur innen. Oft an den Pfalzen \u00a0oder dort wo Teile verklebt worden sind. Besch\u00e4digungen gibt es keine. Lack und Klebung sind in\u2026","rel":"","context":"In &quot;Bulli Umbauen&quot;","img":{"alt_text":"","src":"https:\/\/i0.wp.com\/surfandfriends.de\/wp-content\/uploads\/2015\/07\/IMG_20150713_182451-300x225.jpg?resize=350%2C200","width":350,"height":200},"classes":[]},{"id":2225,"url":"http:\/\/surfandfriends.de\/?p=2225","url_meta":{"origin":2880,"position":5},"title":"VW Crafter, Reduktionsmitteltank unplausibeles Signal","date":"11. August 2016","format":false,"excerpt":"An dem\u00a0VW Crafter Bj. 2010 mit dem Motorkennbuchstaben CECB (HSN 0603 u. TSN\u00a0AJN) leuchtet die Motorkontrollleuchte (MIL Malfunction Indicator Light ). Die MIL leuchtete\u00a0w\u00e4hrend der Fahrt. Das Bild zeigt den Tachometer des Crafters im Stand, mit Motor aus. Allerdings mit leuchtender MIL. Anmerkung: Die MIL\u00a0leuchtet immer wenn der Motor noch\u2026","rel":"","context":"In &quot;Bulli Wartung&quot;","img":{"alt_text":"20160809_170905[1]","src":"https:\/\/i0.wp.com\/surfandfriends.de\/wp-content\/uploads\/2016\/08\/20160809_1709051-420x236.jpg?resize=350%2C200","width":350,"height":200},"classes":[]}],"_links":{"self":[{"href":"http:\/\/surfandfriends.de\/index.php?rest_route=\/wp\/v2\/posts\/2880"}],"collection":[{"href":"http:\/\/surfandfriends.de\/index.php?rest_route=\/wp\/v2\/posts"}],"about":[{"href":"http:\/\/surfandfriends.de\/index.php?rest_route=\/wp\/v2\/types\/post"}],"author":[{"embeddable":true,"href":"http:\/\/surfandfriends.de\/index.php?rest_route=\/wp\/v2\/users\/1"}],"replies":[{"embeddable":true,"href":"http:\/\/surfandfriends.de\/index.php?rest_route=%2Fwp%2Fv2%2Fcomments&post=2880"}],"version-history":[{"count":7,"href":"http:\/\/surfandfriends.de\/index.php?rest_route=\/wp\/v2\/posts\/2880\/revisions"}],"predecessor-version":[{"id":2951,"href":"http:\/\/surfandfriends.de\/index.php?rest_route=\/wp\/v2\/posts\/2880\/revisions\/2951"}],"wp:attachment":[{"href":"http:\/\/surfandfriends.de\/index.php?rest_route=%2Fwp%2Fv2%2Fmedia&parent=2880"}],"wp:term":[{"taxonomy":"category","embeddable":true,"href":"http:\/\/surfandfriends.de\/index.php?rest_route=%2Fwp%2Fv2%2Fcategories&post=2880"},{"taxonomy":"post_tag","embeddable":true,"href":"http:\/\/surfandfriends.de\/index.php?rest_route=%2Fwp%2Fv2%2Ftags&post=2880"}],"curies":[{"name":"wp","href":"https:\/\/api.w.org\/{rel}","templated":true}]}}